{"id":354,"date":"2024-04-19T11:17:00","date_gmt":"2024-04-19T11:17:00","guid":{"rendered":"https:\/\/www.verein-nektar.ch\/nektar\/?p=354"},"modified":"2024-04-22T08:29:08","modified_gmt":"2024-04-22T08:29:08","slug":"wo-kaemen-wir-hin-wenn-alle-sagten-wo-kaemen-wir-hin","status":"publish","type":"post","link":"https:\/\/www.verein-nektar.ch\/nektar\/2024\/04\/19\/wo-kaemen-wir-hin-wenn-alle-sagten-wo-kaemen-wir-hin\/","title":{"rendered":"Der Nektar Garten &#8211; ein Ort zum SEIN, spielen und geniessen"},"content":{"rendered":"\n<p>Es ist geschafft. Wir haben mit dem Garten eine kleine Oase geschaffen und schon viele sch\u00f6ne Sommerabende dort verbracht, Fest gefeiert, Ostereier gef\u00e4rbt, Boccia gespielt oder haben uns einfach im lockeren Rahmen getroffen. <\/p>\n\n\n\n<div style=\"height:25px\" aria-hidden=\"true\" class=\"wp-block-spacer\"><\/div>\n\n\n\n<h2 class=\"wp-block-heading\">Gem\u00fctliche Vernetzungs- und Vereinstreffen im Garten<\/h2>\n\n\n\n<figure class=\"wp-block-gallery has-nested-images columns-default is-cropped wp-block-gallery-1 is-layout-flex wp-block-gallery-is-layout-flex\">\n<figure class=\"wp-block-image size-large\"><img loading=\"lazy\" decoding=\"async\" width=\"1024\" height=\"768\" data-id=\"1756\" src=\"https:\/\/www.verein-nektar.ch\/nektar\/wp-content\/uploads\/2024\/04\/IMG_2210-1024x768.jpg\" alt=\"\" class=\"wp-image-1756\"\/><\/figure>\n\n\n\n<figure class=\"wp-block-image size-large\"><img loading=\"lazy\" decoding=\"async\" width=\"1024\" height=\"768\" data-id=\"1738\" src=\"https:\/\/www.verein-nektar.ch\/nektar\/wp-content\/uploads\/2024\/04\/IMG_2129-1024x768.jpg\" alt=\"\" class=\"wp-image-1738\"\/><\/figure>\n\n\n\n<figure class=\"wp-block-image size-large\"><img loading=\"lazy\" decoding=\"async\" width=\"1024\" height=\"768\" data-id=\"1741\" src=\"https:\/\/www.verein-nektar.ch\/nektar\/wp-content\/uploads\/2024\/04\/IMG_2192-1024x768.jpg\" alt=\"\" class=\"wp-image-1741\"\/><\/figure>\n\n\n\n<figure class=\"wp-block-image size-large\"><img loading=\"lazy\" decoding=\"async\" width=\"1024\" height=\"768\" data-id=\"1703\" src=\"https:\/\/www.verein-nektar.ch\/nektar\/wp-content\/uploads\/2023\/03\/IMG_2119-1024x768.jpg\" alt=\"\" class=\"wp-image-1703\"\/><figcaption class=\"wp-element-caption\">Treffen<\/figcaption><\/figure>\n\n\n\n<figure class=\"wp-block-image size-large\"><img loading=\"lazy\" decoding=\"async\" width=\"1024\" height=\"768\" data-id=\"1705\" src=\"https:\/\/www.verein-nektar.ch\/nektar\/wp-content\/uploads\/2023\/03\/IMG_2136-1024x768.jpg\" alt=\"\" class=\"wp-image-1705\"\/><figcaption class=\"wp-element-caption\">Treffen<\/figcaption><\/figure>\n\n\n\n<figure class=\"wp-block-image size-large\"><img loading=\"lazy\" decoding=\"async\" width=\"1024\" height=\"768\" data-id=\"1706\" src=\"https:\/\/www.verein-nektar.ch\/nektar\/wp-content\/uploads\/2023\/03\/IMG_2131-1024x768.jpg\" alt=\"\" class=\"wp-image-1706\"\/><\/figure>\n\n\n\n<figure class=\"wp-block-image size-large\"><img loading=\"lazy\" decoding=\"async\" width=\"1024\" height=\"768\" data-id=\"1702\" src=\"https:\/\/www.verein-nektar.ch\/nektar\/wp-content\/uploads\/2023\/03\/IMG_2115-1024x768.jpg\" alt=\"\" class=\"wp-image-1702\"\/><\/figure>\n\n\n\n<figure class=\"wp-block-image size-large\"><img loading=\"lazy\" decoding=\"async\" width=\"1024\" height=\"768\" data-id=\"1704\" src=\"https:\/\/www.verein-nektar.ch\/nektar\/wp-content\/uploads\/2023\/03\/IMG_2128-1024x768.jpg\" alt=\"\" class=\"wp-image-1704\"\/><figcaption class=\"wp-element-caption\">Boccia<\/figcaption><\/figure>\n<\/figure>\n","protected":false},"excerpt":{"rendered":"<p>Es ist geschafft. Wir haben mit dem Garten eine kleine Oase geschaffen und schon viele sch\u00f6ne Sommerabende dort verbracht, Fest gefeiert, Ostereier gef\u00e4rbt, Boccia gespielt oder haben uns einfach im lockeren Rahmen getroffen. Gem\u00fctliche Vernetzungs- und Vereinstreffen im Garten<\/p>\n","protected":false},"author":1,"featured_media":1705,"comment_status":"open","ping_status":"open","sticky":false,"template":"","format":"standard","meta":{"_et_pb_use_builder":"off","_et_pb_old_content":"","_et_gb_content_width":"","footnotes":""},"categories":[1,12,18],"tags":[24],"class_list":["post-354","post","type-post","status-publish","format-standard","has-post-thumbnail","hentry","category-uncategorized","category-nektar-community","category-nektar-garten","tag-gartentreff"],"_links":{"self":[{"href":"https:\/\/www.verein-nektar.ch\/nektar\/wp-json\/wp\/v2\/posts\/354","targetHints":{"allow":["GET"]}}],"collection":[{"href":"https:\/\/www.verein-nektar.ch\/nektar\/wp-json\/wp\/v2\/posts"}],"about":[{"href":"https:\/\/www.verein-nektar.ch\/nektar\/wp-json\/wp\/v2\/types\/post"}],"author":[{"embeddable":true,"href":"https:\/\/www.verein-nektar.ch\/nektar\/wp-json\/wp\/v2\/users\/1"}],"replies":[{"embeddable":true,"href":"https:\/\/www.verein-nektar.ch\/nektar\/wp-json\/wp\/v2\/comments?post=354"}],"version-history":[{"count":11,"href":"https:\/\/www.verein-nektar.ch\/nektar\/wp-json\/wp\/v2\/posts\/354\/revisions"}],"predecessor-version":[{"id":1995,"href":"https:\/\/www.verein-nektar.ch\/nektar\/wp-json\/wp\/v2\/posts\/354\/revisions\/1995"}],"wp:featuredmedia":[{"embeddable":true,"href":"https:\/\/www.verein-nektar.ch\/nektar\/wp-json\/wp\/v2\/media\/1705"}],"wp:attachment":[{"href":"https:\/\/www.verein-nektar.ch\/nektar\/wp-json\/wp\/v2\/media?parent=354"}],"wp:term":[{"taxonomy":"category","embeddable":true,"href":"https:\/\/www.verein-nektar.ch\/nektar\/wp-json\/wp\/v2\/categories?post=354"},{"taxonomy":"post_tag","embeddable":true,"href":"https:\/\/www.verein-nektar.ch\/nektar\/wp-json\/wp\/v2\/tags?post=354"}],"curies":[{"name":"wp","href":"https:\/\/api.w.org\/{rel}","templated":true}]}}